{"id":53705,"date":"2026-01-22T14:01:25","date_gmt":"2026-01-22T13:01:25","guid":{"rendered":"https:\/\/promochaudiere.be\/?p=53705"},"modified":"2026-01-22T14:01:25","modified_gmt":"2026-01-22T13:01:25","slug":"prix-dune-chaudiere-gaz-en-belgique-en-2026-achat-installation-et-aides","status":"publish","type":"post","link":"https:\/\/promochaudiere.be\/nl\/prix-dune-chaudiere-gaz-en-belgique-en-2026-achat-installation-et-aides\/","title":{"rendered":"Prix d\u2019une chaudi\u00e8re gaz en Belgique en 2026 : achat, installation et aides"},"content":{"rendered":"<p><span style=\"font-weight: 400;\">Le prix d\u2019une chaudi\u00e8re gaz en Belgique d\u00e9pend de plusieurs \u00e9l\u00e9ments : le type de chaudi\u00e8re, la puissance, la marque, le co\u00fbt de l\u2019installation et les aides disponibles.<\/span><span style=\"font-weight: 400;\"><br \/>\n<\/span><span style=\"font-weight: 400;\"> En 2026, la chaudi\u00e8re gaz \u00e0 condensation reste une solution largement utilis\u00e9e, notamment en remplacement d\u2019anciens appareils.<\/span><\/p>\n<p><span style=\"font-weight: 400;\">Dans cet article, nous d\u00e9taillons <\/span><b>les prix r\u00e9els constat\u00e9s en Belgique<\/b><span style=\"font-weight: 400;\">, afin de vous aider \u00e0 anticiper votre budget et \u00e0 faire un choix \u00e9clair\u00e9.<\/span><\/p>\n<h2><b>Quel est le prix d\u2019une chaudi\u00e8re gaz en Belgique en 2026 ?<\/b><\/h2>\n<p><span style=\"font-weight: 400;\">Le prix d\u2019une chaudi\u00e8re gaz \u00e0 condensation varie selon le mod\u00e8le et les performances.<\/span><\/p>\n<h3><b>\ud83d\udcb0 Prix indicatifs du mat\u00e9riel seul<\/b><\/h3>\n<ul>\n<li style=\"font-weight: 400;\" aria-level=\"1\"><span style=\"font-weight: 400;\">Chaudi\u00e8re gaz murale \u00e0 condensation : <\/span><b>1 200 \u20ac \u00e0 2 500 \u20ac<\/b><b>\n<p><\/b><\/li>\n<li style=\"font-weight: 400;\" aria-level=\"1\"><span style=\"font-weight: 400;\">Chaudi\u00e8re gaz \u00e0 condensation avec ballon int\u00e9gr\u00e9 : <\/span><b>1 800 \u20ac \u00e0 3 200 \u20ac<\/b><b>\n<p><\/b><\/li>\n<li style=\"font-weight: 400;\" aria-level=\"1\"><span style=\"font-weight: 400;\">Chaudi\u00e8re gaz au sol \u00e0 condensation : <\/span><b>2 500 \u20ac \u00e0 4 500 \u20ac<\/b><b>\n<p><\/b><\/li>\n<\/ul>\n<p><span style=\"font-weight: 400;\">Ces prix concernent uniquement l\u2019appareil, hors installation.<\/span><\/p>\n<h2><b>Prix de l\u2019installation d\u2019une chaudi\u00e8re gaz<\/b><\/h2>\n<p><span style=\"font-weight: 400;\">L\u2019installation doit \u00eatre r\u00e9alis\u00e9e par un <\/span><b>chauffagiste agr\u00e9\u00e9<\/b><span style=\"font-weight: 400;\">, ce qui garantit la conformit\u00e9, la s\u00e9curit\u00e9 et la validit\u00e9 des garanties.<\/span><\/p>\n<h3><b>\ud83d\udd27 Co\u00fbt moyen de l\u2019installation en Belgique<\/b><\/h3>\n<ul>\n<li style=\"font-weight: 400;\" aria-level=\"1\"><span style=\"font-weight: 400;\">Installation standard : <\/span><b>1 000 \u20ac \u00e0 2 000 \u20ac<\/b><b>\n<p><\/b><\/li>\n<li style=\"font-weight: 400;\" aria-level=\"1\"><span style=\"font-weight: 400;\">Installation complexe (adaptation chemin\u00e9e, \u00e9vacuation, hydraulique) : <\/span><b>jusqu\u2019\u00e0 2 500 \u20ac<\/b><b>\n<p><\/b><\/li>\n<\/ul>\n<p><span style=\"font-weight: 400;\">\ud83d\udc49 Le co\u00fbt d\u00e9pend notamment :<\/span><\/p>\n<ul>\n<li style=\"font-weight: 400;\" aria-level=\"1\"><span style=\"font-weight: 400;\">de l\u2019ancienne installation<\/span><span style=\"font-weight: 400;\">\n<p><\/span><\/li>\n<li style=\"font-weight: 400;\" aria-level=\"1\"><span style=\"font-weight: 400;\">du type d\u2019\u00e9vacuation (chemin\u00e9e ou ventouse)<\/span><span style=\"font-weight: 400;\">\n<p><\/span><\/li>\n<li style=\"font-weight: 400;\" aria-level=\"1\"><span style=\"font-weight: 400;\">des adaptations n\u00e9cessaires<\/span><span style=\"font-weight: 400;\">\n<p><\/span><\/li>\n<\/ul>\n<p><img decoding=\"async\" class=\"alignnone size-medium wp-image-53691\" src=\"https:\/\/promochaudiere.be\/wp-content\/uploads\/2026\/01\/smiley-woman-working-laptop-full-shot-400x267.jpg\" alt=\"\" width=\"100%\" height=\"267\" srcset=\"https:\/\/promochaudiere.be\/wp-content\/uploads\/2026\/01\/smiley-woman-working-laptop-full-shot-400x267.jpg 400w, https:\/\/promochaudiere.be\/wp-content\/uploads\/2026\/01\/smiley-woman-working-laptop-full-shot-scaled-600x400.jpg 600w, https:\/\/promochaudiere.be\/wp-content\/uploads\/2026\/01\/smiley-woman-working-laptop-full-shot-scaled-150x100.jpg 150w, https:\/\/promochaudiere.be\/wp-content\/uploads\/2026\/01\/smiley-woman-working-laptop-full-shot-1200x800.jpg 1200w, https:\/\/promochaudiere.be\/wp-content\/uploads\/2026\/01\/smiley-woman-working-laptop-full-shot-768x512.jpg 768w, https:\/\/promochaudiere.be\/wp-content\/uploads\/2026\/01\/smiley-woman-working-laptop-full-shot-1536x1024.jpg 1536w, https:\/\/promochaudiere.be\/wp-content\/uploads\/2026\/01\/smiley-woman-working-laptop-full-shot-2048x1365.jpg 2048w\" sizes=\"(max-width: 400px) 100vw, 400px\" \/> <img decoding=\"async\" class=\"alignnone size-medium wp-image-53707\" src=\"https:\/\/promochaudiere.be\/wp-content\/uploads\/2026\/01\/hand-turning-heater-400x267.jpg\" alt=\"\" width=\"100%\" height=\"267\" srcset=\"https:\/\/promochaudiere.be\/wp-content\/uploads\/2026\/01\/hand-turning-heater-400x267.jpg 400w, https:\/\/promochaudiere.be\/wp-content\/uploads\/2026\/01\/hand-turning-heater-600x400.jpg 600w, https:\/\/promochaudiere.be\/wp-content\/uploads\/2026\/01\/hand-turning-heater-150x100.jpg 150w, https:\/\/promochaudiere.be\/wp-content\/uploads\/2026\/01\/hand-turning-heater-1200x800.jpg 1200w, https:\/\/promochaudiere.be\/wp-content\/uploads\/2026\/01\/hand-turning-heater-768x512.jpg 768w, https:\/\/promochaudiere.be\/wp-content\/uploads\/2026\/01\/hand-turning-heater-1536x1024.jpg 1536w, https:\/\/promochaudiere.be\/wp-content\/uploads\/2026\/01\/hand-turning-heater.jpg 1920w\" sizes=\"(max-width: 400px) 100vw, 400px\" \/><\/p>\n<h2><b>Prix total : chaudi\u00e8re + installation<\/b><\/h2>\n<h3><b>Exemple de budgets globaux<\/b><\/h3>\n<ul>\n<li style=\"font-weight: 400;\" aria-level=\"1\"><span style=\"font-weight: 400;\">Appartement (chaudi\u00e8re murale 24 kW) : <\/span><b>2 500 \u20ac \u00e0 4 000 \u20ac<\/b><b>\n<p><\/b><\/li>\n<li style=\"font-weight: 400;\" aria-level=\"1\"><span style=\"font-weight: 400;\">Maison mitoyenne : <\/span><b>3 000 \u20ac \u00e0 5 000 \u20ac<\/b><b>\n<p><\/b><\/li>\n<li style=\"font-weight: 400;\" aria-level=\"1\"><span style=\"font-weight: 400;\">Maison 3 ou 4 fa\u00e7ades : <\/span><b>4 000 \u20ac \u00e0 6 500 \u20ac<\/b><b>\n<p><\/b><\/li>\n<\/ul>\n<p><span style=\"font-weight: 400;\">Ces montants peuvent \u00eatre <\/span><b>r\u00e9duits gr\u00e2ce aux aides et \u00e0 la TVA r\u00e9duite<\/b><span style=\"font-weight: 400;\">.<\/span><\/p>\n<h2><b>TVA \u00e0 6 % : une \u00e9conomie importante<\/b><\/h2>\n<p><span style=\"font-weight: 400;\">En Belgique, vous pouvez b\u00e9n\u00e9ficier d\u2019une <\/span><b>TVA r\u00e9duite \u00e0 6 %<\/b><span style=\"font-weight: 400;\"> si :<\/span><\/p>\n<ul>\n<li style=\"font-weight: 400;\" aria-level=\"1\"><span style=\"font-weight: 400;\">le logement a plus de 10 ans<\/span><span style=\"font-weight: 400;\">\n<p><\/span><\/li>\n<li style=\"font-weight: 400;\" aria-level=\"1\"><span style=\"font-weight: 400;\">l\u2019installation est r\u00e9alis\u00e9e par un professionnel<\/span><span style=\"font-weight: 400;\">\n<p><\/span><\/li>\n<li style=\"font-weight: 400;\" aria-level=\"1\"><span style=\"font-weight: 400;\">la chaudi\u00e8re est destin\u00e9e \u00e0 un usage r\u00e9sidentiel<\/span><span style=\"font-weight: 400;\">\n<p><\/span><\/li>\n<\/ul>\n<p><span style=\"font-weight: 400;\">\ud83d\udc49 Cette r\u00e9duction repr\u00e9sente souvent <\/span><b>plusieurs centaines d\u2019euros d\u2019\u00e9conomie<\/b><span style=\"font-weight: 400;\">.<\/span><\/p>\n<h2><b>Quelles primes pour une chaudi\u00e8re gaz \u00e0 condensation en 2026 ?<\/b><\/h2>\n<p><span style=\"font-weight: 400;\">Les aides varient selon la r\u00e9gion :<\/span><\/p>\n<h3><b>\ud83c\udfe0 Bruxelles<\/b><\/h3>\n<ul>\n<li style=\"font-weight: 400;\" aria-level=\"1\"><span style=\"font-weight: 400;\">Primes \u00e9nergie possibles sous conditions de revenus<\/span><span style=\"font-weight: 400;\">\n<p><\/span><\/li>\n<li style=\"font-weight: 400;\" aria-level=\"1\"><span style=\"font-weight: 400;\">Montants variables selon la performance<\/span><span style=\"font-weight: 400;\">\n<p><\/span><\/li>\n<\/ul>\n<h3><b>\ud83c\udfe1 Wallonie<\/b><\/h3>\n<ul>\n<li style=\"font-weight: 400;\" aria-level=\"1\"><span style=\"font-weight: 400;\">Primes plafonn\u00e9es<\/span><span style=\"font-weight: 400;\">\n<p><\/span><\/li>\n<li style=\"font-weight: 400;\" aria-level=\"1\"><span style=\"font-weight: 400;\">Conditions de revenus et audit \u00e9nerg\u00e9tique requis<\/span><span style=\"font-weight: 400;\">\n<p><\/span><\/li>\n<\/ul>\n<h3><b>\ud83c\udfe2 Flandre<\/b><\/h3>\n<ul>\n<li style=\"font-weight: 400;\" aria-level=\"1\"><span style=\"font-weight: 400;\">Aides plus limit\u00e9es<\/span><span style=\"font-weight: 400;\">\n<p><\/span><\/li>\n<li style=\"font-weight: 400;\" aria-level=\"1\"><span style=\"font-weight: 400;\">Accent mis sur l\u2019efficacit\u00e9 \u00e9nerg\u00e9tique globale<\/span><span style=\"font-weight: 400;\">\n<p><\/span><\/li>\n<\/ul>\n<p><span style=\"font-weight: 400;\">\ud83d\udc49 Les primes peuvent \u00eatre <\/span><b>cumul\u00e9es avec des promotions commerciales<\/b><span style=\"font-weight: 400;\">, ce qui r\u00e9duit fortement le co\u00fbt final.<\/span><\/p>\n<h2><b>Le prix d\u00e9pend aussi de la marque<\/b><\/h2>\n<p><span style=\"font-weight: 400;\">Les marques reconnues offrent g\u00e9n\u00e9ralement :<\/span><\/p>\n<ul>\n<li style=\"font-weight: 400;\" aria-level=\"1\"><span style=\"font-weight: 400;\">une meilleure durabilit\u00e9<\/span><span style=\"font-weight: 400;\">\n<p><\/span><\/li>\n<li style=\"font-weight: 400;\" aria-level=\"1\"><span style=\"font-weight: 400;\">un service apr\u00e8s-vente fiable<\/span><span style=\"font-weight: 400;\">\n<p><\/span><\/li>\n<li style=\"font-weight: 400;\" aria-level=\"1\"><span style=\"font-weight: 400;\">des pi\u00e8ces disponibles sur le long terme<\/span><span style=\"font-weight: 400;\">\n<p><\/span><\/li>\n<\/ul>\n<p><span style=\"font-weight: 400;\">Parmi les marques les plus courantes en Belgique :<\/span><\/p>\n<ul>\n<li style=\"font-weight: 400;\" aria-level=\"1\"><span style=\"font-weight: 400;\">Vaillant<\/span><span style=\"font-weight: 400;\">\n<p><\/span><\/li>\n<li style=\"font-weight: 400;\" aria-level=\"1\"><span style=\"font-weight: 400;\">Bulex<\/span><span style=\"font-weight: 400;\">\n<p><\/span><\/li>\n<li style=\"font-weight: 400;\" aria-level=\"1\"><span style=\"font-weight: 400;\">Remeha<\/span><span style=\"font-weight: 400;\">\n<p><\/span><\/li>\n<li style=\"font-weight: 400;\" aria-level=\"1\"><span style=\"font-weight: 400;\">Buderus<\/span><span style=\"font-weight: 400;\">\n<p><\/span><\/li>\n<\/ul>\n<p><span style=\"font-weight: 400;\">Un prix l\u00e9g\u00e8rement plus \u00e9lev\u00e9 \u00e0 l\u2019achat se justifie souvent par une <\/span><b>meilleure fiabilit\u00e9 sur 15 \u00e0 20 ans<\/b><span style=\"font-weight: 400;\">.<\/span><\/p>\n<h2><b>Acheter sa chaudi\u00e8re en ligne : est-ce moins cher ?<\/b><\/h2>\n<p><span style=\"font-weight: 400;\">Oui. L\u2019achat en ligne permet souvent de :<\/span><\/p>\n<ul>\n<li style=\"font-weight: 400;\" aria-level=\"1\"><span style=\"font-weight: 400;\">b\u00e9n\u00e9ficier de <\/span><b>prix plus comp\u00e9titifs<\/b><b>\n<p><\/b><\/li>\n<li style=\"font-weight: 400;\" aria-level=\"1\"><span style=\"font-weight: 400;\">acc\u00e9der \u00e0 des <\/span><b>promotions exclusives<\/b><b>\n<p><\/b><\/li>\n<li style=\"font-weight: 400;\" aria-level=\"1\"><span style=\"font-weight: 400;\">choisir librement son installateur<\/span><span style=\"font-weight: 400;\">\n<p><\/span><\/li>\n<\/ul>\n<p><span style=\"font-weight: 400;\">\u00c0 condition que :<\/span><\/p>\n<ul>\n<li style=\"font-weight: 400;\" aria-level=\"1\"><span style=\"font-weight: 400;\">l\u2019installation soit r\u00e9alis\u00e9e par un professionnel agr\u00e9\u00e9<\/span><span style=\"font-weight: 400;\">\n<p><\/span><\/li>\n<li style=\"font-weight: 400;\" aria-level=\"1\"><span style=\"font-weight: 400;\">les documents de conformit\u00e9 soient fournis<\/span><span style=\"font-weight: 400;\">\n<p><\/span><\/li>\n<\/ul>\n<p><span style=\"font-weight: 400;\">C\u2019est aujourd\u2019hui une pratique courante en Belgique.<\/span><\/p>\n<h2><b>Les erreurs \u00e0 \u00e9viter pour ma\u00eetriser son budget<\/b><\/h2>\n<ul>\n<li style=\"font-weight: 400;\" aria-level=\"1\"><span style=\"font-weight: 400;\">Choisir uniquement sur base du prix le plus bas<\/span><span style=\"font-weight: 400;\">\n<p><\/span><\/li>\n<li style=\"font-weight: 400;\" aria-level=\"1\"><span style=\"font-weight: 400;\">N\u00e9gliger la puissance adapt\u00e9e au logement<\/span><span style=\"font-weight: 400;\">\n<p><\/span><\/li>\n<li style=\"font-weight: 400;\" aria-level=\"1\"><span style=\"font-weight: 400;\">Oublier les co\u00fbts d\u2019installation<\/span><span style=\"font-weight: 400;\">\n<p><\/span><\/li>\n<li style=\"font-weight: 400;\" aria-level=\"1\"><span style=\"font-weight: 400;\">Ne pas v\u00e9rifier l\u2019\u00e9ligibilit\u00e9 aux aides<\/span><span style=\"font-weight: 400;\">\n<p><\/span><\/li>\n<li style=\"font-weight: 400;\" aria-level=\"1\"><span style=\"font-weight: 400;\">Installer sans professionnel agr\u00e9\u00e9<\/span><span style=\"font-weight: 400;\">\n<p><\/span><\/li>\n<\/ul>\n<p><span style=\"font-weight: 400;\">Un budget bien ma\u00eetris\u00e9 commence par <\/span><b>une vision globale du projet<\/b><span style=\"font-weight: 400;\">.<\/span><\/p>\n<h2><b>Conclusion : quel budget pr\u00e9voir en 2026 ?<\/b><\/h2>\n<p><span style=\"font-weight: 400;\">En r\u00e9sum\u00e9, pour une chaudi\u00e8re gaz \u00e0 condensation en Belgique :<\/span><\/p>\n<ul>\n<li style=\"font-weight: 400;\" aria-level=\"1\"><span style=\"font-weight: 400;\">Budget moyen total : <\/span><b>3 000 \u20ac \u00e0 5 500 \u20ac<\/b><b>\n<p><\/b><\/li>\n<li style=\"font-weight: 400;\" aria-level=\"1\"><span style=\"font-weight: 400;\">TVA r\u00e9duite possible : <\/span><b>oui<\/b><b>\n<p><\/b><\/li>\n<li style=\"font-weight: 400;\" aria-level=\"1\"><span style=\"font-weight: 400;\">Primes r\u00e9gionales : <\/span><b>selon conditions<\/b><b>\n<p><\/b><\/li>\n<li style=\"font-weight: 400;\" aria-level=\"1\"><span style=\"font-weight: 400;\">Dur\u00e9e de vie : <\/span><b>15 \u00e0 20 ans<\/b><b>\n<p><\/b><\/li>\n<\/ul>\n<p><span style=\"font-weight: 400;\">Un investissement r\u00e9fl\u00e9chi permet de <\/span><b>r\u00e9duire durablement vos co\u00fbts de chauffage<\/b><span style=\"font-weight: 400;\">.<\/span><\/p>\n<h3><b>FAQ \u2013 Prix chaudi\u00e8re gaz en Belgique<\/b><\/h3>\n<p><b>Quel est le prix minimum pour une chaudi\u00e8re gaz ?<\/b><b><br \/>\n<\/b><span style=\"font-weight: 400;\"> \u00c0 partir de \u00b1 1 200 \u20ac pour le mat\u00e9riel seul.<\/span><\/p>\n<p><b>Les primes sont-elles garanties ?<\/b><b><br \/>\n<\/b><span style=\"font-weight: 400;\"> Non, elles d\u00e9pendent de votre r\u00e9gion et de votre situation.<\/span><\/p>\n<p><b>Puis-je acheter la chaudi\u00e8re et faire installer plus tard ?<\/b><b><br \/>\n<\/b><span style=\"font-weight: 400;\"> Oui, \u00e0 condition de respecter les r\u00e8gles de conformit\u00e9.<\/span><\/p>\n<p>&nbsp;<\/p>","protected":false},"excerpt":{"rendered":"<p>Le prix d\u2019une chaudi\u00e8re gaz en Belgique d\u00e9pend de plusieurs \u00e9l\u00e9ments : le type de chaudi\u00e8re, la puissance, la marque,<\/p>","protected":false},"author":1,"featured_media":53706,"comment_status":"closed","ping_status":"closed","sticky":false,"template":"","format":"standard","meta":{"footnotes":""},"categories":[11617,11589,11595],"tags":[11615,11601,11621,11613,11627,11609,11625,11619,11623],"class_list":["post-53705","post","type-post","status-publish","format-standard","has-post-thumbnail","hentry","category-budget-prix","category-chaudieres-gaz","category-chauffage","tag-achat-chaudiere-en-ligne","tag-chaudiere-gaz-belgique","tag-chaudiere-gaz-condensation","tag-chauffage-residentiel","tag-cout-chauffage","tag-installation-chaudiere-gaz","tag-prime-chaudiere-gaz","tag-prix-chaudiere-gaz","tag-tva-6-chaudiere-gaz"],"aioseo_notices":[],"_links":{"self":[{"href":"https:\/\/promochaudiere.be\/nl\/wp-json\/wp\/v2\/posts\/53705","targetHints":{"allow":["GET"]}}],"collection":[{"href":"https:\/\/promochaudiere.be\/nl\/wp-json\/wp\/v2\/posts"}],"about":[{"href":"https:\/\/promochaudiere.be\/nl\/wp-json\/wp\/v2\/types\/post"}],"author":[{"embeddable":true,"href":"https:\/\/promochaudiere.be\/nl\/wp-json\/wp\/v2\/users\/1"}],"replies":[{"embeddable":true,"href":"https:\/\/promochaudiere.be\/nl\/wp-json\/wp\/v2\/comments?post=53705"}],"version-history":[{"count":1,"href":"https:\/\/promochaudiere.be\/nl\/wp-json\/wp\/v2\/posts\/53705\/revisions"}],"predecessor-version":[{"id":53708,"href":"https:\/\/promochaudiere.be\/nl\/wp-json\/wp\/v2\/posts\/53705\/revisions\/53708"}],"wp:featuredmedia":[{"embeddable":true,"href":"https:\/\/promochaudiere.be\/nl\/wp-json\/wp\/v2\/media\/53706"}],"wp:attachment":[{"href":"https:\/\/promochaudiere.be\/nl\/wp-json\/wp\/v2\/media?parent=53705"}],"wp:term":[{"taxonomy":"category","embeddable":true,"href":"https:\/\/promochaudiere.be\/nl\/wp-json\/wp\/v2\/categories?post=53705"},{"taxonomy":"post_tag","embeddable":true,"href":"https:\/\/promochaudiere.be\/nl\/wp-json\/wp\/v2\/tags?post=53705"}],"curies":[{"name":"wp","href":"https:\/\/api.w.org\/{rel}","templated":true}]}}