{"id":53718,"date":"2026-01-23T14:59:15","date_gmt":"2026-01-23T13:59:15","guid":{"rendered":"https:\/\/promochaudiere.be\/?p=53718"},"modified":"2026-01-22T15:27:36","modified_gmt":"2026-01-22T14:27:36","slug":"prime-chaudiere-gaz-condensation-belgique","status":"publish","type":"post","link":"https:\/\/promochaudiere.be\/nl\/prime-chaudiere-gaz-condensation-belgique\/","title":{"rendered":"Quelles primes et aides pour une chaudi\u00e8re gaz \u00e0 condensation en Belgique en 2026 ?"},"content":{"rendered":"<p><span style=\"font-weight: 400;\">L\u2019installation d\u2019une chaudi\u00e8re gaz \u00e0 condensation repr\u00e9sente un investissement important, mais en Belgique, <\/span><b>des primes et aides r\u00e9gionales<\/b><span style=\"font-weight: 400;\"> peuvent r\u00e9duire significativement le co\u00fbt final.<\/span><span style=\"font-weight: 400;\"><br \/>\n<\/span><span style=\"font-weight: 400;\"> Ces aides varient selon la r\u00e9gion, le revenu du m\u00e9nage et le type de travaux r\u00e9alis\u00e9s.<\/span><\/p>\n<p><span style=\"font-weight: 400;\">Dans cet article, nous faisons le point de mani\u00e8re claire sur <\/span><b>les primes disponibles en 2026<\/b><span style=\"font-weight: 400;\">, les conditions \u00e0 respecter et les erreurs \u00e0 \u00e9viter.<\/span><\/p>\n<h2><b>Pourquoi des primes pour les chaudi\u00e8res gaz \u00e0 condensation ?<\/b><\/h2>\n<p><span style=\"font-weight: 400;\">Les pouvoirs publics belges encouragent les \u00e9quipements plus performants afin de :<\/span><\/p>\n<ul>\n<li style=\"font-weight: 400;\" aria-level=\"1\"><span style=\"font-weight: 400;\">r\u00e9duire la consommation d\u2019\u00e9nergie<\/span><\/li>\n<li style=\"font-weight: 400;\" aria-level=\"1\"><span style=\"font-weight: 400;\">limiter les \u00e9missions de CO\u2082<\/span><\/li>\n<li style=\"font-weight: 400;\" aria-level=\"1\"><span style=\"font-weight: 400;\">am\u00e9liorer la performance \u00e9nerg\u00e9tique des logements<\/span><\/li>\n<\/ul>\n<p><span style=\"font-weight: 400;\">La chaudi\u00e8re gaz \u00e0 condensation, plus efficace qu\u2019un mod\u00e8le classique, reste <\/span><b>\u00e9ligible \u00e0 certaines aides<\/b><span style=\"font-weight: 400;\">, notamment en remplacement d\u2019une ancienne installation.<\/span><\/p>\n<h2><b>Primes chaudi\u00e8re gaz \u00e0 condensation \u00e0 Bruxelles<\/b><\/h2>\n<p><span style=\"font-weight: 400;\">\u00c0 Bruxelles, les primes sont int\u00e9gr\u00e9es dans le syst\u00e8me des <\/span><b>Primes \u00c9nergie<\/b><span style=\"font-weight: 400;\">.<\/span><\/p>\n<h3><b>Conditions g\u00e9n\u00e9rales :<\/b><\/h3>\n<ul>\n<li style=\"font-weight: 400;\" aria-level=\"1\"><span style=\"font-weight: 400;\">logement situ\u00e9 en R\u00e9gion de Bruxelles-Capitale<\/span><\/li>\n<li style=\"font-weight: 400;\" aria-level=\"1\"><span style=\"font-weight: 400;\">installation r\u00e9alis\u00e9e par un professionnel agr\u00e9\u00e9<\/span><\/li>\n<li style=\"font-weight: 400;\" aria-level=\"1\"><span style=\"font-weight: 400;\">remplacement d\u2019une ancienne chaudi\u00e8re<\/span><\/li>\n<li style=\"font-weight: 400;\" aria-level=\"1\"><span style=\"font-weight: 400;\">respect des crit\u00e8res de performance \u00e9nerg\u00e9tique<\/span><\/li>\n<\/ul>\n<h3><b>Montants indicatifs :<\/b><\/h3>\n<ul>\n<li style=\"font-weight: 400;\" aria-level=\"1\"><span style=\"font-weight: 400;\">les primes varient selon la cat\u00e9gorie de revenus<\/span><\/li>\n<li style=\"font-weight: 400;\" aria-level=\"1\"><span style=\"font-weight: 400;\">les m\u00e9nages \u00e0 revenus modestes b\u00e9n\u00e9ficient de montants plus \u00e9lev\u00e9s<\/span><\/li>\n<\/ul>\n<p><span style=\"font-weight: 400;\">\ud83d\udc49 Un dossier complet et conforme est indispensable pour obtenir la prime.<\/span><\/p>\n<div id=\"attachment_53722\" style=\"width: 1930px\" class=\"wp-caption alignnone\"><img loading=\"lazy\" decoding=\"async\" aria-describedby=\"caption-attachment-53722\" class=\"wp-image-53722 size-full\" src=\"https:\/\/promochaudiere.be\/wp-content\/uploads\/2026\/01\/powerbank-yellow-notepad-with-pen.jpg\" alt=\"primes chaudi\u00e8re gaz en Wallonie, Bruxelles et Flandre\" width=\"1920\" height=\"1280\" srcset=\"https:\/\/promochaudiere.be\/wp-content\/uploads\/2026\/01\/powerbank-yellow-notepad-with-pen.jpg 1920w, https:\/\/promochaudiere.be\/wp-content\/uploads\/2026\/01\/powerbank-yellow-notepad-with-pen-600x400.jpg 600w, https:\/\/promochaudiere.be\/wp-content\/uploads\/2026\/01\/powerbank-yellow-notepad-with-pen-150x100.jpg 150w, https:\/\/promochaudiere.be\/wp-content\/uploads\/2026\/01\/powerbank-yellow-notepad-with-pen-1200x800.jpg 1200w, https:\/\/promochaudiere.be\/wp-content\/uploads\/2026\/01\/powerbank-yellow-notepad-with-pen-400x267.jpg 400w, https:\/\/promochaudiere.be\/wp-content\/uploads\/2026\/01\/powerbank-yellow-notepad-with-pen-768x512.jpg 768w, https:\/\/promochaudiere.be\/wp-content\/uploads\/2026\/01\/powerbank-yellow-notepad-with-pen-1536x1024.jpg 1536w\" sizes=\"auto, (max-width: 1920px) 100vw, 1920px\" \/><p id=\"caption-attachment-53722\" class=\"wp-caption-text\">powerbank and yellow notepad with pen<\/p><\/div>\n<h2><b>Primes chaudi\u00e8re gaz \u00e0 condensation en Wallonie<\/b><\/h2>\n<p><span style=\"font-weight: 400;\">En Wallonie, les aides sont accord\u00e9es via le r\u00e9gime des <\/span><b>primes habitation<\/b><span style=\"font-weight: 400;\">.<\/span><\/p>\n<h3><b>Conditions principales :<\/b><\/h3>\n<ul>\n<li style=\"font-weight: 400;\" aria-level=\"1\"><span style=\"font-weight: 400;\">logement situ\u00e9 en Wallonie<\/span><\/li>\n<li style=\"font-weight: 400;\" aria-level=\"1\"><span style=\"font-weight: 400;\">r\u00e9alisation pr\u00e9alable d\u2019un audit logement (dans certains cas)<\/span><\/li>\n<li style=\"font-weight: 400;\" aria-level=\"1\"><span style=\"font-weight: 400;\">respect des plafonds de revenus<\/span><\/li>\n<li style=\"font-weight: 400;\" aria-level=\"1\"><span style=\"font-weight: 400;\">installation conforme et factur\u00e9e par un professionnel<\/span><\/li>\n<\/ul>\n<h3><b>\u00c0 savoir :<\/b><\/h3>\n<ul>\n<li style=\"font-weight: 400;\" aria-level=\"1\"><span style=\"font-weight: 400;\">les montants sont plafonn\u00e9s<\/span><\/li>\n<li style=\"font-weight: 400;\" aria-level=\"1\"><span style=\"font-weight: 400;\">la prime peut \u00eatre cumul\u00e9e avec la <\/span><b>TVA r\u00e9duite \u00e0 6 %<\/b><\/li>\n<\/ul>\n<h2><b>Primes chaudi\u00e8re gaz \u00e0 condensation en Flandre<\/b><\/h2>\n<p><span style=\"font-weight: 400;\">En Flandre, les aides pour les chaudi\u00e8res gaz sont <\/span><b>plus limit\u00e9es<\/b><span style=\"font-weight: 400;\">.<\/span><\/p>\n<ul>\n<li style=\"font-weight: 400;\" aria-level=\"1\"><span style=\"font-weight: 400;\">priorit\u00e9 donn\u00e9e aux solutions tr\u00e8s basse consommation<\/span><\/li>\n<li style=\"font-weight: 400;\" aria-level=\"1\"><span style=\"font-weight: 400;\">aides possibles dans certains cas de r\u00e9novation globale<\/span><\/li>\n<li style=\"font-weight: 400;\" aria-level=\"1\"><span style=\"font-weight: 400;\">conditions strictes de performance \u00e9nerg\u00e9tique<\/span><\/li>\n<\/ul>\n<p><span style=\"font-weight: 400;\">\ud83d\udc49 Il est essentiel de v\u00e9rifier votre \u00e9ligibilit\u00e9 avant d\u2019engager les travaux.<\/span><\/p>\n<h2><b>TVA r\u00e9duite \u00e0 6 % : une aide indirecte mais importante<\/b><\/h2>\n<p><span style=\"font-weight: 400;\">Ind\u00e9pendamment des primes r\u00e9gionales, la <\/span><b>TVA r\u00e9duite \u00e0 6 %<\/b><span style=\"font-weight: 400;\"> constitue un avantage majeur.<\/span><\/p>\n<h3><b>Conditions :<\/b><\/h3>\n<ul>\n<li style=\"font-weight: 400;\" aria-level=\"1\"><span style=\"font-weight: 400;\">logement de plus de 10 ans<\/span><\/li>\n<li style=\"font-weight: 400;\" aria-level=\"1\"><span style=\"font-weight: 400;\">usage r\u00e9sidentiel<\/span><\/li>\n<li style=\"font-weight: 400;\" aria-level=\"1\"><span style=\"font-weight: 400;\">fourniture et installation r\u00e9alis\u00e9es par un professionnel<\/span><\/li>\n<\/ul>\n<p><span style=\"font-weight: 400;\">Cette r\u00e9duction permet souvent <\/span><b>plusieurs centaines d\u2019euros d\u2019\u00e9conomie<\/b><span style=\"font-weight: 400;\">, m\u00eame sans prime r\u00e9gionale.<\/span><\/p>\n<h2><b>Peut-on cumuler primes et promotions commerciales ?<\/b><\/h2>\n<p><span style=\"font-weight: 400;\">Oui.<\/span><span style=\"font-weight: 400;\"><br \/>\n<\/span><span style=\"font-weight: 400;\"> Les primes r\u00e9gionales peuvent \u00eatre <\/span><b>cumul\u00e9es avec des offres promotionnelles<\/b><span style=\"font-weight: 400;\">, \u00e0 condition que :<\/span><\/p>\n<ul>\n<li style=\"font-weight: 400;\" aria-level=\"1\"><span style=\"font-weight: 400;\">les factures soient conformes<\/span><\/li>\n<li style=\"font-weight: 400;\" aria-level=\"1\"><span style=\"font-weight: 400;\">le mat\u00e9riel respecte les normes en vigueur<\/span><\/li>\n<li style=\"font-weight: 400;\" aria-level=\"1\"><span style=\"font-weight: 400;\">les conditions r\u00e9gionales soient respect\u00e9es<\/span><\/li>\n<\/ul>\n<p><span style=\"font-weight: 400;\">C\u2019est un point souvent sous-estim\u00e9, mais essentiel pour <\/span><b>r\u00e9duire le budget total<\/b><span style=\"font-weight: 400;\">.<\/span><\/p>\n<h2><b>D\u00e9marches pour obtenir une prime chaudi\u00e8re gaz<\/b><\/h2>\n<ol>\n<li style=\"font-weight: 400;\" aria-level=\"1\"><span style=\"font-weight: 400;\">V\u00e9rifier son \u00e9ligibilit\u00e9 selon la r\u00e9gion<\/span><\/li>\n<li style=\"font-weight: 400;\" aria-level=\"1\"><span style=\"font-weight: 400;\">Choisir un mod\u00e8le conforme<\/span><\/li>\n<li style=\"font-weight: 400;\" aria-level=\"1\"><span style=\"font-weight: 400;\">Faire installer par un professionnel agr\u00e9\u00e9<\/span><\/li>\n<li style=\"font-weight: 400;\" aria-level=\"1\"><span style=\"font-weight: 400;\">Conserver toutes les factures et attestations<\/span><\/li>\n<li style=\"font-weight: 400;\" aria-level=\"1\"><span style=\"font-weight: 400;\">Introduire la demande dans les d\u00e9lais<\/span><\/li>\n<\/ol>\n<p><span style=\"font-weight: 400;\">\u26a0\ufe0f Une demande introduite trop tard ou incompl\u00e8te peut \u00eatre refus\u00e9e.<\/span><\/p>\n<h2><b>Erreurs fr\u00e9quentes \u00e0 \u00e9viter<\/b><\/h2>\n<ul>\n<li style=\"font-weight: 400;\" aria-level=\"1\"><span style=\"font-weight: 400;\">Acheter une chaudi\u00e8re non \u00e9ligible<\/span><\/li>\n<li style=\"font-weight: 400;\" aria-level=\"1\"><span style=\"font-weight: 400;\">Installer sans professionnel agr\u00e9\u00e9<\/span><\/li>\n<li style=\"font-weight: 400;\" aria-level=\"1\"><span style=\"font-weight: 400;\">Oublier les d\u00e9lais de demande<\/span><\/li>\n<li style=\"font-weight: 400;\" aria-level=\"1\"><span style=\"font-weight: 400;\">Supposer que la prime est automatique<\/span><\/li>\n<li style=\"font-weight: 400;\" aria-level=\"1\"><span style=\"font-weight: 400;\">N\u00e9gliger les conditions de revenus<\/span><\/li>\n<\/ul>\n<p><span style=\"font-weight: 400;\">Les primes sont un <\/span><b>droit conditionnel<\/b><span style=\"font-weight: 400;\">, jamais garanti sans respect strict des r\u00e8gles.<\/span><\/p>\n<h2><b>Conclusion : faut-il compter sur les primes en 2026 ?<\/b><\/h2>\n<p><span style=\"font-weight: 400;\">Les primes pour chaudi\u00e8res gaz \u00e0 condensation en Belgique existent toujours en 2026, mais :<\/span><\/p>\n<ul>\n<li style=\"font-weight: 400;\" aria-level=\"1\"><span style=\"font-weight: 400;\">elles sont <\/span><b>r\u00e9gionales<\/b><\/li>\n<li style=\"font-weight: 400;\" aria-level=\"1\"><span style=\"font-weight: 400;\">elles sont <\/span><b>soumisent \u00e0 conditions<\/b><\/li>\n<li style=\"font-weight: 400;\" aria-level=\"1\"><span style=\"font-weight: 400;\">elles \u00e9voluent r\u00e9guli\u00e8rement<\/span><\/li>\n<\/ul>\n<p><span style=\"font-weight: 400;\">Il est donc recommand\u00e9 de consid\u00e9rer la prime comme <\/span><b>un bonus<\/b><span style=\"font-weight: 400;\">, et non comme la base de votre budget.<\/span><\/p>\n<h3><b>FAQ \u2013 Primes chaudi\u00e8re gaz Belgique<\/b><\/h3>\n<p><b>Les primes sont-elles automatiques ?<\/b><b><br \/>\n<\/b><span style=\"font-weight: 400;\"> Non, elles doivent faire l\u2019objet d\u2019une demande compl\u00e8te et conforme.<\/span><\/p>\n<p><b>Puis-je b\u00e9n\u00e9ficier d\u2019une prime si j\u2019ach\u00e8te ma chaudi\u00e8re en ligne ?<\/b><b><br \/>\n<\/b><span style=\"font-weight: 400;\"> Oui, si l\u2019installation est r\u00e9alis\u00e9e par un professionnel agr\u00e9\u00e9 et que les conditions sont respect\u00e9es.<\/span><\/p>\n<p><b>La TVA 6 % est-elle cumulable avec une prime ?<\/b><b><br \/>\n<\/b><span style=\"font-weight: 400;\"> Oui, dans la majorit\u00e9 des cas.<\/span><\/p>\n<p>&nbsp;<\/p>","protected":false},"excerpt":{"rendered":"<p>L\u2019installation d\u2019une chaudi\u00e8re gaz \u00e0 condensation repr\u00e9sente un investissement important, mais en Belgique, des primes et aides r\u00e9gionales peuvent r\u00e9duire<\/p>","protected":false},"author":1,"featured_media":53719,"comment_status":"closed","ping_status":"closed","sticky":false,"template":"","format":"standard","meta":{"footnotes":""},"categories":[11629,11589,11595,11591],"tags":[11631,11621,11613,11609,11625,11635,11637,11633,11623],"class_list":["post-53718","post","type-post","status-publish","format-standard","has-post-thumbnail","hentry","category-aides-primes","category-chaudieres-gaz","category-chauffage","category-guides-chauffage","tag-aides-chauffage-belgique","tag-chaudiere-gaz-condensation","tag-chauffage-residentiel","tag-installation-chaudiere-gaz","tag-prime-chaudiere-gaz","tag-prime-chaudiere-gaz-bruxelles","tag-prime-chaudiere-gaz-flandre","tag-prime-chaudiere-gaz-wallonie","tag-tva-6-chaudiere-gaz"],"aioseo_notices":[],"_links":{"self":[{"href":"https:\/\/promochaudiere.be\/nl\/wp-json\/wp\/v2\/posts\/53718","targetHints":{"allow":["GET"]}}],"collection":[{"href":"https:\/\/promochaudiere.be\/nl\/wp-json\/wp\/v2\/posts"}],"about":[{"href":"https:\/\/promochaudiere.be\/nl\/wp-json\/wp\/v2\/types\/post"}],"author":[{"embeddable":true,"href":"https:\/\/promochaudiere.be\/nl\/wp-json\/wp\/v2\/users\/1"}],"replies":[{"embeddable":true,"href":"https:\/\/promochaudiere.be\/nl\/wp-json\/wp\/v2\/comments?post=53718"}],"version-history":[{"count":4,"href":"https:\/\/promochaudiere.be\/nl\/wp-json\/wp\/v2\/posts\/53718\/revisions"}],"predecessor-version":[{"id":53724,"href":"https:\/\/promochaudiere.be\/nl\/wp-json\/wp\/v2\/posts\/53718\/revisions\/53724"}],"wp:featuredmedia":[{"embeddable":true,"href":"https:\/\/promochaudiere.be\/nl\/wp-json\/wp\/v2\/media\/53719"}],"wp:attachment":[{"href":"https:\/\/promochaudiere.be\/nl\/wp-json\/wp\/v2\/media?parent=53718"}],"wp:term":[{"taxonomy":"category","embeddable":true,"href":"https:\/\/promochaudiere.be\/nl\/wp-json\/wp\/v2\/categories?post=53718"},{"taxonomy":"post_tag","embeddable":true,"href":"https:\/\/promochaudiere.be\/nl\/wp-json\/wp\/v2\/tags?post=53718"}],"curies":[{"name":"wp","href":"https:\/\/api.w.org\/{rel}","templated":true}]}}